{"id":1323,"date":"2025-10-20T09:28:13","date_gmt":"2025-10-20T01:28:13","guid":{"rendered":"https:\/\/www.teuforklift.com\/?p=1323"},"modified":"2025-10-25T09:57:13","modified_gmt":"2025-10-25T01:57:13","slug":"teu-at-the-138th-canton-fair-successfully-concludes","status":"publish","type":"post","link":"https:\/\/www.teuforklift.com\/es\/la-teu-concluye-con-exito-la-138a-feria-de-canton\/","title":{"rendered":"La TEU concluy\u00f3 con \u00e9xito en la 138\u00aa Feria de Cant\u00f3n"},"content":{"rendered":"<p><span style=\"font-size: 20px;\">La primera fase de la 138.\u00aa Feria de Importaci\u00f3n y Exportaci\u00f3n de China (Feria de Cant\u00f3n), centrada en la fabricaci\u00f3n avanzada, concluy\u00f3 con \u00e9xito tras cinco d\u00edas. TEU tuvo una destacada presencia en el stand 12.0B45-48, atrayendo a compradores internacionales y demostrando la fortaleza de la industria china de fabricaci\u00f3n de carretillas elevadoras.<\/span><\/p>\n<p><img loading=\"lazy\" decoding=\"async\" class=\"aligncenter wp-image-1329 size-full\" src=\"https:\/\/lingjuimg.com\/wp-content\/uploads\/teu\/2025\/10\/3a669b56-584a-4e29-ac3c-5eed024be5e0_S_20.webp\" alt=\"TEU en la 138\u00aa Feria de Cant\u00f3n\" width=\"819\" height=\"614\" srcset=\"https:\/\/lingjuimg.com\/wp-content\/uploads\/teu\/2025\/10\/3a669b56-584a-4e29-ac3c-5eed024be5e0_S_20.webp 819w, https:\/\/lingjuimg.com\/wp-content\/uploads\/teu\/2025\/10\/3a669b56-584a-4e29-ac3c-5eed024be5e0_S_20-300x225.webp 300w, https:\/\/lingjuimg.com\/wp-content\/uploads\/teu\/2025\/10\/3a669b56-584a-4e29-ac3c-5eed024be5e0_S_20-768x576.webp 768w, https:\/\/lingjuimg.com\/wp-content\/uploads\/teu\/2025\/10\/3a669b56-584a-4e29-ac3c-5eed024be5e0_S_20-16x12.webp 16w\" sizes=\"auto, (max-width: 819px) 100vw, 819px\" \/><\/p>\n<p>&nbsp;<\/p>\n<p><span style=\"font-size: 20px;\">En la Feria de Cant\u00f3n de este a\u00f1o, el stand de TEU estuvo estrat\u00e9gicamente ubicado y dio la bienvenida a socios comerciales de todo el mundo con una imagen profesional y elegante. TEU exhibi\u00f3 su <a href=\"https:\/\/www.teuforklift.com\/es\/category\/products\/ic-forklift\/\"><strong>carretillas elevadoras de combusti\u00f3n interna<\/strong><\/a>, <a href=\"https:\/\/www.teuforklift.com\/es\/category\/products\/li-ion-battery-forklift\/\"><strong>carretillas elevadoras con bater\u00eda de litio<\/strong><\/a>, y <a href=\"https:\/\/www.teuforklift.com\/es\/category\/products\/rough-terrain-forklift\/\"><strong>carretillas elevadoras todoterreno<\/strong><\/a>, que atrajo gran atenci\u00f3n. Estos modelos no solo demostraron la fiabilidad y durabilidad constantes de los TEU, sino que tambi\u00e9n incorporaron mejoras en el control de emisiones y la inteligencia operativa, cumpliendo plenamente con los \u00faltimos est\u00e1ndares internacionales del mercado.<\/span><\/p>\n<p><img loading=\"lazy\" decoding=\"async\" class=\"aligncenter wp-image-1330 size-full\" src=\"https:\/\/lingjuimg.com\/wp-content\/uploads\/teu\/2025\/10\/765707f6-8b62-4a9a-b8a9-cb5b2a1e966f_S_20.webp\" alt=\"TEU en la 138\u00aa Feria de Cant\u00f3n\" width=\"819\" height=\"614\" srcset=\"https:\/\/lingjuimg.com\/wp-content\/uploads\/teu\/2025\/10\/765707f6-8b62-4a9a-b8a9-cb5b2a1e966f_S_20.webp 819w, https:\/\/lingjuimg.com\/wp-content\/uploads\/teu\/2025\/10\/765707f6-8b62-4a9a-b8a9-cb5b2a1e966f_S_20-300x225.webp 300w, https:\/\/lingjuimg.com\/wp-content\/uploads\/teu\/2025\/10\/765707f6-8b62-4a9a-b8a9-cb5b2a1e966f_S_20-768x576.webp 768w, https:\/\/lingjuimg.com\/wp-content\/uploads\/teu\/2025\/10\/765707f6-8b62-4a9a-b8a9-cb5b2a1e966f_S_20-16x12.webp 16w\" sizes=\"auto, (max-width: 819px) 100vw, 819px\" \/><\/p>\n<p>&nbsp;<\/p>\n<p><span style=\"font-size: 20px;\">Durante la exposici\u00f3n, el equipo de TEU particip\u00f3 en negociaciones eficientes con compradores profesionales de varios pa\u00edses y regiones con respecto a compras de carretillas elevadoras, cooperaci\u00f3n de agencias y requisitos personalizados, recibiendo elogios un\u00e1nimes de los asistentes.<\/span><\/p>\n<p><img loading=\"lazy\" decoding=\"async\" class=\"aligncenter wp-image-1331 size-full\" src=\"https:\/\/lingjuimg.com\/wp-content\/uploads\/teu\/2025\/10\/c1948e3e-744c-4fd2-9d26-b170926206c4_S_20.webp\" alt=\"TEU en la 138\u00aa Feria de Cant\u00f3n\" width=\"819\" height=\"614\" srcset=\"https:\/\/lingjuimg.com\/wp-content\/uploads\/teu\/2025\/10\/c1948e3e-744c-4fd2-9d26-b170926206c4_S_20.webp 819w, https:\/\/lingjuimg.com\/wp-content\/uploads\/teu\/2025\/10\/c1948e3e-744c-4fd2-9d26-b170926206c4_S_20-300x225.webp 300w, https:\/\/lingjuimg.com\/wp-content\/uploads\/teu\/2025\/10\/c1948e3e-744c-4fd2-9d26-b170926206c4_S_20-768x576.webp 768w, https:\/\/lingjuimg.com\/wp-content\/uploads\/teu\/2025\/10\/c1948e3e-744c-4fd2-9d26-b170926206c4_S_20-16x12.webp 16w\" sizes=\"auto, (max-width: 819px) 100vw, 819px\" \/><\/p>\n<p>&nbsp;<\/p>\n<p><span style=\"font-size: 20px;\">TEU espera reunirse con viejos y nuevos amigos en m\u00e1s exposiciones internacionales en el futuro para crear nuevas oportunidades de colaboraci\u00f3n.<\/span><\/p>","protected":false},"excerpt":{"rendered":"<p>La primera fase de la 138.\u00aa Feria de Importaci\u00f3n y Exportaci\u00f3n de China (Feria de Cant\u00f3n), centrada en la fabricaci\u00f3n avanzada, concluy\u00f3 con \u00e9xito tras cinco d\u00edas. TEU tuvo una destacada presencia en el stand 12.0B45-48, atrayendo a compradores internacionales y demostrando la solidez de la industria china de fabricaci\u00f3n de carretillas elevadoras. En la Feria de Cant\u00f3n de este a\u00f1o, el stand de TEU se ubic\u00f3 estrat\u00e9gicamente y [\u2026]<\/p>","protected":false},"author":1,"featured_media":1329,"comment_status":"open","ping_status":"open","sticky":false,"template":"","format":"standard","meta":{"footnotes":""},"categories":[29,3],"tags":[43,37,148],"class_list":["post-1323","post","type-post","status-publish","format-standard","has-post-thumbnail","hentry","category-events-fairs","category-news","tag-internal-combustion-forklifts","tag-lithium-battery-forklifts","tag-rough-terrain-forklift"],"_links":{"self":[{"href":"https:\/\/www.teuforklift.com\/es\/wp-json\/wp\/v2\/posts\/1323","targetHints":{"allow":["GET"]}}],"collection":[{"href":"https:\/\/www.teuforklift.com\/es\/wp-json\/wp\/v2\/posts"}],"about":[{"href":"https:\/\/www.teuforklift.com\/es\/wp-json\/wp\/v2\/types\/post"}],"author":[{"embeddable":true,"href":"https:\/\/www.teuforklift.com\/es\/wp-json\/wp\/v2\/users\/1"}],"replies":[{"embeddable":true,"href":"https:\/\/www.teuforklift.com\/es\/wp-json\/wp\/v2\/comments?post=1323"}],"version-history":[{"count":2,"href":"https:\/\/www.teuforklift.com\/es\/wp-json\/wp\/v2\/posts\/1323\/revisions"}],"predecessor-version":[{"id":1333,"href":"https:\/\/www.teuforklift.com\/es\/wp-json\/wp\/v2\/posts\/1323\/revisions\/1333"}],"wp:featuredmedia":[{"embeddable":true,"href":"https:\/\/www.teuforklift.com\/es\/wp-json\/wp\/v2\/media\/1329"}],"wp:attachment":[{"href":"https:\/\/www.teuforklift.com\/es\/wp-json\/wp\/v2\/media?parent=1323"}],"wp:term":[{"taxonomy":"category","embeddable":true,"href":"https:\/\/www.teuforklift.com\/es\/wp-json\/wp\/v2\/categories?post=1323"},{"taxonomy":"post_tag","embeddable":true,"href":"https:\/\/www.teuforklift.com\/es\/wp-json\/wp\/v2\/tags?post=1323"}],"curies":[{"name":"wp","href":"https:\/\/api.w.org\/{rel}","templated":true}]}}