{"id":1325,"date":"2025-10-17T16:51:53","date_gmt":"2025-10-17T08:51:53","guid":{"rendered":"https:\/\/www.teuforklift.com\/?p=1325"},"modified":"2025-10-24T17:03:59","modified_gmt":"2025-10-24T09:03:59","slug":"teu-shines-at-the-big-5-exhibition-in-doha-qatar","status":"publish","type":"post","link":"https:\/\/www.teuforklift.com\/es\/teu-brilla-en-la-exposicion-big-5-en-doha-qatar\/","title":{"rendered":"TEU brilla en la exposici\u00f3n Big 5 en Doha, Qatar"},"content":{"rendered":"<p>El evento de tres d\u00edas de la industria de la construcci\u00f3n en Oriente Medio, la Exposici\u00f3n The Big 5 2025 en Doha, Catar, concluy\u00f3 hoy en el Centro de Exposiciones y Convenciones de Doha (DECC). La reconocida marca mundial de carretillas elevadoras TEU present\u00f3 sus productos estrella, las <a href=\"https:\/\/www.teuforklift.com\/es\/category\/products\/ic-forklift\/\"><strong>Carretillas elevadoras di\u00e9sel de 3 y 5 toneladas<\/strong><\/a>, en el stand 5J61 del pabell\u00f3n 5, logrando un \u00e9xito significativo y atrayendo la atenci\u00f3n de numerosos compradores profesionales tanto de Oriente Medio como de todo el mundo.<\/p>\n<p><img loading=\"lazy\" decoding=\"async\" class=\"aligncenter wp-image-1326 size-full\" src=\"https:\/\/lingjuimg.com\/wp-content\/uploads\/teu\/2025\/10\/e093e92b-275f-4d5e-be91-9f94e9f1a86a_S_60.webp\" alt=\" Carretillas elevadoras di\u00e9sel de 3 a 5 toneladas\" width=\"1024\" height=\"768\" srcset=\"https:\/\/lingjuimg.com\/wp-content\/uploads\/teu\/2025\/10\/e093e92b-275f-4d5e-be91-9f94e9f1a86a_S_60.webp 1024w, https:\/\/lingjuimg.com\/wp-content\/uploads\/teu\/2025\/10\/e093e92b-275f-4d5e-be91-9f94e9f1a86a_S_60-300x225.webp 300w, https:\/\/lingjuimg.com\/wp-content\/uploads\/teu\/2025\/10\/e093e92b-275f-4d5e-be91-9f94e9f1a86a_S_60-768x576.webp 768w, https:\/\/lingjuimg.com\/wp-content\/uploads\/teu\/2025\/10\/e093e92b-275f-4d5e-be91-9f94e9f1a86a_S_60-16x12.webp 16w\" sizes=\"auto, (max-width: 1024px) 100vw, 1024px\" \/><\/p>\n<p><img loading=\"lazy\" decoding=\"async\" class=\"aligncenter wp-image-1327 size-large\" src=\"https:\/\/lingjuimg.com\/wp-content\/uploads\/teu\/2025\/10\/00b7bac9-bed4-4bc3-9a10-d21f96b4e279_S_60-1024x576.webp\" alt=\" Carretillas elevadoras di\u00e9sel de 3 a 5 toneladas\" width=\"1024\" height=\"576\" srcset=\"https:\/\/lingjuimg.com\/wp-content\/uploads\/teu\/2025\/10\/00b7bac9-bed4-4bc3-9a10-d21f96b4e279_S_60-1024x576.webp 1024w, https:\/\/lingjuimg.com\/wp-content\/uploads\/teu\/2025\/10\/00b7bac9-bed4-4bc3-9a10-d21f96b4e279_S_60-300x169.webp 300w, https:\/\/lingjuimg.com\/wp-content\/uploads\/teu\/2025\/10\/00b7bac9-bed4-4bc3-9a10-d21f96b4e279_S_60-768x432.webp 768w, https:\/\/lingjuimg.com\/wp-content\/uploads\/teu\/2025\/10\/00b7bac9-bed4-4bc3-9a10-d21f96b4e279_S_60-18x10.webp 18w, https:\/\/lingjuimg.com\/wp-content\/uploads\/teu\/2025\/10\/00b7bac9-bed4-4bc3-9a10-d21f96b4e279_S_60.webp 1152w\" sizes=\"auto, (max-width: 1024px) 100vw, 1024px\" \/><\/p>\n<p>El <a href=\"https:\/\/www.teuforklift.com\/es\/category\/products\/ic-forklift\/\"><strong>Carretillas elevadoras di\u00e9sel de 3 y 5 toneladas<\/strong><\/a> Los veh\u00edculos expuestos fueron reconocidos por su potente rendimiento, excepcional eficiencia de combustible y comodidad superior en la operaci\u00f3n, demostrando plenamente la tecnolog\u00eda avanzada de TEU y su compromiso con la calidad en el sector de fabricaci\u00f3n de veh\u00edculos industriales, gan\u00e1ndose la confianza de los usuarios in situ.<\/p>\n<p>&nbsp;<\/p>\n<p>Durante la exposici\u00f3n, el stand de TEU estuvo repleto de visitantes. El equipo de ventas internacionales de TEU mantuvo extensas conversaciones y negociaciones comerciales con profesionales de diversos sectores.<\/p>","protected":false},"excerpt":{"rendered":"<p>El evento de tres d\u00edas de la industria de la construcci\u00f3n en Oriente Medio, la Exposici\u00f3n The Big 5 2025 en Doha, Catar, concluy\u00f3 hoy en el Centro de Exposiciones y Convenciones de Doha (DECC). La reconocida marca mundial de carretillas elevadoras TEU present\u00f3 sus productos estrella, las carretillas elevadoras di\u00e9sel de 3 y 5 toneladas, en el stand 5J61 del pabell\u00f3n 5, logrando un gran \u00e9xito y atrayendo la atenci\u00f3n de numerosos [\u2026]<\/p>","protected":false},"author":1,"featured_media":1326,"comment_status":"open","ping_status":"open","sticky":false,"template":"","format":"standard","meta":{"footnotes":""},"categories":[29,3],"tags":[178,177,179],"class_list":["post-1325","post","type-post","status-publish","format-standard","has-post-thumbnail","hentry","category-events-fairs","category-news","tag-3-ton-diesel-forklifts","tag-5-ton-diesel-forklifts","tag-professional-warehousing-equipment"],"_links":{"self":[{"href":"https:\/\/www.teuforklift.com\/es\/wp-json\/wp\/v2\/posts\/1325","targetHints":{"allow":["GET"]}}],"collection":[{"href":"https:\/\/www.teuforklift.com\/es\/wp-json\/wp\/v2\/posts"}],"about":[{"href":"https:\/\/www.teuforklift.com\/es\/wp-json\/wp\/v2\/types\/post"}],"author":[{"embeddable":true,"href":"https:\/\/www.teuforklift.com\/es\/wp-json\/wp\/v2\/users\/1"}],"replies":[{"embeddable":true,"href":"https:\/\/www.teuforklift.com\/es\/wp-json\/wp\/v2\/comments?post=1325"}],"version-history":[{"count":1,"href":"https:\/\/www.teuforklift.com\/es\/wp-json\/wp\/v2\/posts\/1325\/revisions"}],"predecessor-version":[{"id":1328,"href":"https:\/\/www.teuforklift.com\/es\/wp-json\/wp\/v2\/posts\/1325\/revisions\/1328"}],"wp:featuredmedia":[{"embeddable":true,"href":"https:\/\/www.teuforklift.com\/es\/wp-json\/wp\/v2\/media\/1326"}],"wp:attachment":[{"href":"https:\/\/www.teuforklift.com\/es\/wp-json\/wp\/v2\/media?parent=1325"}],"wp:term":[{"taxonomy":"category","embeddable":true,"href":"https:\/\/www.teuforklift.com\/es\/wp-json\/wp\/v2\/categories?post=1325"},{"taxonomy":"post_tag","embeddable":true,"href":"https:\/\/www.teuforklift.com\/es\/wp-json\/wp\/v2\/tags?post=1325"}],"curies":[{"name":"wp","href":"https:\/\/api.w.org\/{rel}","templated":true}]}}