{"id":518,"date":"2023-09-01T14:55:24","date_gmt":"2023-09-01T06:55:24","guid":{"rendered":"http:\/\/teuforklift.com\/?p=518"},"modified":"2025-07-04T14:47:52","modified_gmt":"2025-07-04T06:47:52","slug":"fb-series","status":"publish","type":"post","link":"https:\/\/www.teuforklift.com\/es\/serie-fb\/","title":{"rendered":"SERIE FB"},"content":{"rendered":"<div class=\"wp-block-getwid-tabs\" data-active-tab=\"0\"><ul class=\"wp-block-getwid-tabs__nav-links\"><\/ul>\n<div class=\"wp-block-getwid-tabs__nav-link\"><span class=\"wp-block-getwid-tabs__title-wrapper\"><a href=\"#\"><span class=\"wp-block-getwid-tabs__title\">ESPECIFICACIONES<\/span><\/a><\/span><\/div><div class=\"wp-block-getwid-tabs__tab-content-wrapper\"><div class=\"wp-block-getwid-tabs__tab-content\">\n<figure class=\"wp-block-table\"><table><tbody><tr><td>1<\/td><td colspan=\"3\">Fabricante<\/td><td><\/td><td colspan=\"7\">TUE<\/td><\/tr><tr><td>2<\/td><td colspan=\"3\">Modelo<\/td><td><\/td><td>fb15<\/td><td>fb18<\/td><td>fb20<\/td><td>FB25<\/td><td>FB30<\/td><td>FB35<\/td><td>FB40<\/td><\/tr><tr><td>3<\/td><td colspan=\"3\">Capacidad de carga<\/td><td>kg<\/td><td>1500<\/td><td>1750<\/td><td>2000<\/td><td>2500<\/td><td>3000<\/td><td>3500<\/td><td>4000<\/td><\/tr><tr><td>4<\/td><td colspan=\"3\">Centro de carga<\/td><td>mil\u00edmetros<\/td><td colspan=\"7\">500<\/td><\/tr><tr><td>5<\/td><td colspan=\"3\">Unidad de poder<\/td><td><\/td><td colspan=\"7\">Bater\u00eda de iones de litio<\/td><\/tr><tr><td rowspan=\"2\"><\/td><td colspan=\"2\" rowspan=\"2\">Neum\u00e1tico<\/td><td>Frente<\/td><td><\/td><td colspan=\"2\">6.00-9-10-10PR<\/td><td colspan=\"2\">21X8-9-16PR<\/td><td colspan=\"2\">28X9-15-12PR<\/td><td>250-15-16PR<\/td><\/tr><tr><td>Trasero<\/td><td><\/td><td colspan=\"2\">16X6-8-10PR<\/td><td colspan=\"3\">18X7-8-14PR<\/td><td colspan=\"2\">18\u00d77-8<\/td><\/tr><tr><td>8<\/td><td colspan=\"3\">Altura m\u00e1xima de elevaci\u00f3n<\/td><td>mil\u00edmetros<\/td><td colspan=\"7\">3000<\/td><\/tr><tr><td>9<\/td><td colspan=\"3\">Tama\u00f1o de la horquilla L \u00d7 W \u00d7 T<\/td><td>mil\u00edmetros<\/td><td colspan=\"2\">920X100X35<\/td><td>1070X122X40<\/td><td colspan=\"2\">1070X125X45<\/td><td>1070X125X50<\/td><td>1070X150X50<\/td><\/tr><tr><td>10<\/td><td colspan=\"3\">\u00c1ngulo de inclinaci\u00f3n hacia adelante\/atr\u00e1s<\/td><td>grados<\/td><td colspan=\"7\">6\u00ba\/12\u00ba<\/td><\/tr><tr><td>11<\/td><td colspan=\"3\">Longitud total (sin horquilla)&nbsp;&nbsp;&nbsp;&nbsp;&nbsp;&nbsp;&nbsp;&nbsp;&nbsp;&nbsp;&nbsp;&nbsp;&nbsp;&nbsp;&nbsp;&nbsp;&nbsp;&nbsp;&nbsp;&nbsp;&nbsp;&nbsp;&nbsp;&nbsp;&nbsp;&nbsp;&nbsp;&nbsp;&nbsp;&nbsp;&nbsp;&nbsp;&nbsp;&nbsp;&nbsp;&nbsp;&nbsp;<\/td><td>mil\u00edmetros<\/td><td>1961<\/td><td>2061<\/td><td>2245<\/td><td>2285<\/td><td>2510<\/td><td>2550<\/td><td>2775<\/td><\/tr><tr><td>12<\/td><td colspan=\"3\">Ancho total<\/td><td>mil\u00edmetros<\/td><td colspan=\"2\">1070<\/td><td colspan=\"2\">1150<\/td><td colspan=\"2\">1225<\/td><td>1380<\/td><\/tr><tr><td>13<\/td><td colspan=\"3\">Altura del m\u00e1stil (descenso de la horquilla)<\/td><td>mil\u00edmetros<\/td><td colspan=\"4\">1995<\/td><td colspan=\"2\">2075<\/td><td>2150<\/td><\/tr><tr><td>15<\/td><td colspan=\"3\">Altura del protector de cabeza<\/td><td>mil\u00edmetros<\/td><td colspan=\"2\">2100<\/td><td colspan=\"2\">2145<\/td><td colspan=\"2\">2190<\/td><td>2425<\/td><\/tr><tr><td>16<\/td><td colspan=\"3\">Peso (con bater\u00eda est\u00e1ndar)<\/td><td>kg<\/td><td>2690<\/td><td>2990<\/td><td>3440<\/td><td>3820<\/td><td>4660<\/td><td>5190<\/td><td>5400<\/td><\/tr><tr><td>17<\/td><td rowspan=\"2\">Velocidad&nbsp;&nbsp;&nbsp;&nbsp;&nbsp;&nbsp;&nbsp;&nbsp;&nbsp;<\/td><td>De viaje<\/td><td>Carga completa<\/td><td>kil\u00f3metros por hora<\/td><td colspan=\"2\">14<\/td><td colspan=\"3\">13.5<\/td><td>13<\/td><td>12<\/td><\/tr><tr><td>18<\/td><td>Levantamiento<\/td><td>Carga completa<\/td><td>mm\/s<\/td><td colspan=\"2\">350<\/td><td colspan=\"3\">240<\/td><td colspan=\"2\">220<\/td><\/tr><tr><td>19<\/td><td colspan=\"3\">Grado de calificaci\u00f3n<\/td><td>%<\/td><td>15<\/td><td colspan=\"6\">12.5<\/td><\/tr><tr><td rowspan=\"2\">20<\/td><td rowspan=\"2\">Bater\u00eda<\/td><td>Voltaje\/capacidad<\/td><td><\/td><td>V<\/td><td colspan=\"2\">80V-210AH<\/td><td colspan=\"2\">80V-320AH<\/td><td colspan=\"2\">80V-420AH<\/td><td>80V-530AH<\/td><\/tr><tr><td colspan=\"2\">Peso (con caja de bater\u00eda)<\/td><td>Kg<\/td><td>735<\/td><td>795<\/td><td>825<\/td><td>945<\/td><td>1220<\/td><td>1290<\/td><td>1430<\/td><\/tr><tr><td rowspan=\"2\">21<\/td><td rowspan=\"2\">Motor electrico<\/td><td colspan=\"2\">Motor de accionamiento de CA<\/td><td>kilovatios<\/td><td colspan=\"2\">8<\/td><td colspan=\"2\">11<\/td><td colspan=\"3\">16.6<\/td><\/tr><tr><td>Motor hidr\u00e1ulico de CA<\/td><td><\/td><td>kilovatios<\/td><td colspan=\"2\">10<\/td><td colspan=\"2\">12<\/td><td colspan=\"3\">13.5<\/td><\/tr><tr><td>22<\/td><td colspan=\"3\">Tipo de control<\/td><td><\/td><td colspan=\"7\">Aire acondicionado para viajes; Elevaci\u00f3n de aire acondicionado<\/td><\/tr><tr><td>23<\/td><td colspan=\"3\">Presi\u00f3n del sistema hidr\u00e1ulico<\/td><td>kilogramos\/cm2<\/td><td>145<\/td><td colspan=\"6\">175<\/td><\/tr><\/tbody><\/table><\/figure>\n<\/div><\/div>\n<\/div>","protected":false},"excerpt":{"rendered":"","protected":false},"author":2,"featured_media":0,"comment_status":"open","ping_status":"open","sticky":false,"template":"","format":"standard","meta":{"footnotes":""},"categories":[17],"tags":[121,118,119,120,123,122],"class_list":["post-518","post","type-post","status-publish","format-standard","hentry","category-fb-series-fb1-5-4t","tag-1-5-ton-li-ion-battery-forklift-fb-series","tag-2-ton-li-ion-battery-forklift-fb-series","tag-3-ton-li-ion-battery-forklift-fb-series","tag-4-ton-li-ion-battery-forklift-fb-series","tag-china-battery-forklift","tag-china-electric-forklift"],"_links":{"self":[{"href":"https:\/\/www.teuforklift.com\/es\/wp-json\/wp\/v2\/posts\/518","targetHints":{"allow":["GET"]}}],"collection":[{"href":"https:\/\/www.teuforklift.com\/es\/wp-json\/wp\/v2\/posts"}],"about":[{"href":"https:\/\/www.teuforklift.com\/es\/wp-json\/wp\/v2\/types\/post"}],"author":[{"embeddable":true,"href":"https:\/\/www.teuforklift.com\/es\/wp-json\/wp\/v2\/users\/2"}],"replies":[{"embeddable":true,"href":"https:\/\/www.teuforklift.com\/es\/wp-json\/wp\/v2\/comments?post=518"}],"version-history":[{"count":1,"href":"https:\/\/www.teuforklift.com\/es\/wp-json\/wp\/v2\/posts\/518\/revisions"}],"predecessor-version":[{"id":521,"href":"https:\/\/www.teuforklift.com\/es\/wp-json\/wp\/v2\/posts\/518\/revisions\/521"}],"wp:attachment":[{"href":"https:\/\/www.teuforklift.com\/es\/wp-json\/wp\/v2\/media?parent=518"}],"wp:term":[{"taxonomy":"category","embeddable":true,"href":"https:\/\/www.teuforklift.com\/es\/wp-json\/wp\/v2\/categories?post=518"},{"taxonomy":"post_tag","embeddable":true,"href":"https:\/\/www.teuforklift.com\/es\/wp-json\/wp\/v2\/tags?post=518"}],"curies":[{"name":"wp","href":"https:\/\/api.w.org\/{rel}","templated":true}]}}