{"id":1323,"date":"2025-10-20T09:28:13","date_gmt":"2025-10-20T01:28:13","guid":{"rendered":"https:\/\/www.teuforklift.com\/?p=1323"},"modified":"2025-10-25T09:57:13","modified_gmt":"2025-10-25T01:57:13","slug":"teu-at-the-138th-canton-fair-successfully-concludes","status":"publish","type":"post","link":"https:\/\/www.teuforklift.com\/fr\/teu-a-la-138e-foire-cantonale-se-termine-avec-succes\/","title":{"rendered":"Le TEU \u00e0 la 138e Foire de Canton se termine avec succ\u00e8s"},"content":{"rendered":"<p><span style=\"font-size: 20px;\">La premi\u00e8re phase de la 138e Foire d&#039;import-export de Chine (Foire de Canton), consacr\u00e9e \u00e0 la fabrication de pointe, s&#039;est achev\u00e9e avec succ\u00e8s apr\u00e8s cinq jours. TEU a fait forte impression sur le stand 12.0B45-48, attirant des acheteurs internationaux et mettant en avant la puissance du secteur chinois de la fabrication de chariots \u00e9l\u00e9vateurs.<\/span><\/p>\n<p><img loading=\"lazy\" decoding=\"async\" class=\"aligncenter wp-image-1329 size-full\" src=\"https:\/\/lingjuimg.com\/wp-content\/uploads\/teu\/2025\/10\/3a669b56-584a-4e29-ac3c-5eed024be5e0_S_20.webp\" alt=\"TEU \u00e0 la 138e Foire de Canton\" width=\"819\" height=\"614\" srcset=\"https:\/\/lingjuimg.com\/wp-content\/uploads\/teu\/2025\/10\/3a669b56-584a-4e29-ac3c-5eed024be5e0_S_20.webp 819w, https:\/\/lingjuimg.com\/wp-content\/uploads\/teu\/2025\/10\/3a669b56-584a-4e29-ac3c-5eed024be5e0_S_20-300x225.webp 300w, https:\/\/lingjuimg.com\/wp-content\/uploads\/teu\/2025\/10\/3a669b56-584a-4e29-ac3c-5eed024be5e0_S_20-768x576.webp 768w, https:\/\/lingjuimg.com\/wp-content\/uploads\/teu\/2025\/10\/3a669b56-584a-4e29-ac3c-5eed024be5e0_S_20-16x12.webp 16w\" sizes=\"auto, (max-width: 819px) 100vw, 819px\" \/><\/p>\n<p>&nbsp;<\/p>\n<p><span style=\"font-size: 20px;\">Lors de la Foire de Canton de cette ann\u00e9e, le stand de TEU \u00e9tait strat\u00e9giquement situ\u00e9 et a accueilli des partenaires commerciaux du monde entier avec une image professionnelle et \u00e9l\u00e9gante. TEU a pr\u00e9sent\u00e9 ses <a href=\"https:\/\/www.teuforklift.com\/fr\/category\/products\/ic-forklift\/\"><strong>chariots \u00e9l\u00e9vateurs \u00e0 combustion interne<\/strong><\/a>, <a href=\"https:\/\/www.teuforklift.com\/fr\/category\/products\/li-ion-battery-forklift\/\"><strong>chariots \u00e9l\u00e9vateurs \u00e0 batterie au lithium<\/strong><\/a>, et <a href=\"https:\/\/www.teuforklift.com\/fr\/category\/products\/rough-terrain-forklift\/\"><strong>chariots \u00e9l\u00e9vateurs tout-terrain<\/strong><\/a>, qui ont suscit\u00e9 un vif int\u00e9r\u00eat. Ces mod\u00e8les ont non seulement d\u00e9montr\u00e9 la fiabilit\u00e9 et la durabilit\u00e9 constantes du TEU, mais ont \u00e9galement b\u00e9n\u00e9fici\u00e9 d&#039;am\u00e9liorations en mati\u00e8re de contr\u00f4le des \u00e9missions et d&#039;intelligence op\u00e9rationnelle, r\u00e9pondant pleinement aux derni\u00e8res normes internationales du march\u00e9.<\/span><\/p>\n<p><img loading=\"lazy\" decoding=\"async\" class=\"aligncenter wp-image-1330 size-full\" src=\"https:\/\/lingjuimg.com\/wp-content\/uploads\/teu\/2025\/10\/765707f6-8b62-4a9a-b8a9-cb5b2a1e966f_S_20.webp\" alt=\"TEU \u00e0 la 138e Foire de Canton\" width=\"819\" height=\"614\" srcset=\"https:\/\/lingjuimg.com\/wp-content\/uploads\/teu\/2025\/10\/765707f6-8b62-4a9a-b8a9-cb5b2a1e966f_S_20.webp 819w, https:\/\/lingjuimg.com\/wp-content\/uploads\/teu\/2025\/10\/765707f6-8b62-4a9a-b8a9-cb5b2a1e966f_S_20-300x225.webp 300w, https:\/\/lingjuimg.com\/wp-content\/uploads\/teu\/2025\/10\/765707f6-8b62-4a9a-b8a9-cb5b2a1e966f_S_20-768x576.webp 768w, https:\/\/lingjuimg.com\/wp-content\/uploads\/teu\/2025\/10\/765707f6-8b62-4a9a-b8a9-cb5b2a1e966f_S_20-16x12.webp 16w\" sizes=\"auto, (max-width: 819px) 100vw, 819px\" \/><\/p>\n<p>&nbsp;<\/p>\n<p><span style=\"font-size: 20px;\">Au cours de l&#039;exposition, l&#039;\u00e9quipe TEU a men\u00e9 des n\u00e9gociations efficaces avec des acheteurs professionnels de divers pays et r\u00e9gions concernant les achats de chariots \u00e9l\u00e9vateurs, la coop\u00e9ration entre agences et les exigences personnalis\u00e9es, recevant les \u00e9loges unanimes des participants.<\/span><\/p>\n<p><img loading=\"lazy\" decoding=\"async\" class=\"aligncenter wp-image-1331 size-full\" src=\"https:\/\/lingjuimg.com\/wp-content\/uploads\/teu\/2025\/10\/c1948e3e-744c-4fd2-9d26-b170926206c4_S_20.webp\" alt=\"TEU \u00e0 la 138e Foire de Canton\" width=\"819\" height=\"614\" srcset=\"https:\/\/lingjuimg.com\/wp-content\/uploads\/teu\/2025\/10\/c1948e3e-744c-4fd2-9d26-b170926206c4_S_20.webp 819w, https:\/\/lingjuimg.com\/wp-content\/uploads\/teu\/2025\/10\/c1948e3e-744c-4fd2-9d26-b170926206c4_S_20-300x225.webp 300w, https:\/\/lingjuimg.com\/wp-content\/uploads\/teu\/2025\/10\/c1948e3e-744c-4fd2-9d26-b170926206c4_S_20-768x576.webp 768w, https:\/\/lingjuimg.com\/wp-content\/uploads\/teu\/2025\/10\/c1948e3e-744c-4fd2-9d26-b170926206c4_S_20-16x12.webp 16w\" sizes=\"auto, (max-width: 819px) 100vw, 819px\" \/><\/p>\n<p>&nbsp;<\/p>\n<p><span style=\"font-size: 20px;\">TEU esp\u00e8re rencontrer \u00e0 l\u2019avenir de nouveaux et anciens amis lors d\u2019expositions internationales afin de cr\u00e9er de nouvelles opportunit\u00e9s de collaboration.<\/span><\/p>","protected":false},"excerpt":{"rendered":"<p>La premi\u00e8re phase de la 138e Foire d&#039;import-export de Chine (Foire de Canton), consacr\u00e9e \u00e0 la fabrication de pointe, s&#039;est achev\u00e9e avec succ\u00e8s apr\u00e8s cinq jours. TEU a fait forte impression sur le stand 12.0B45-48, attirant des acheteurs internationaux et mettant en avant la puissance de l&#039;industrie chinoise de fabrication de chariots \u00e9l\u00e9vateurs. \u00c0 la Foire de Canton de cette ann\u00e9e, le stand de TEU \u00e9tait strat\u00e9giquement situ\u00e9 et [\u2026]<\/p>","protected":false},"author":1,"featured_media":1329,"comment_status":"open","ping_status":"open","sticky":false,"template":"","format":"standard","meta":{"footnotes":""},"categories":[29,3],"tags":[43,37,148],"class_list":["post-1323","post","type-post","status-publish","format-standard","has-post-thumbnail","hentry","category-events-fairs","category-news","tag-internal-combustion-forklifts","tag-lithium-battery-forklifts","tag-rough-terrain-forklift"],"_links":{"self":[{"href":"https:\/\/www.teuforklift.com\/fr\/wp-json\/wp\/v2\/posts\/1323","targetHints":{"allow":["GET"]}}],"collection":[{"href":"https:\/\/www.teuforklift.com\/fr\/wp-json\/wp\/v2\/posts"}],"about":[{"href":"https:\/\/www.teuforklift.com\/fr\/wp-json\/wp\/v2\/types\/post"}],"author":[{"embeddable":true,"href":"https:\/\/www.teuforklift.com\/fr\/wp-json\/wp\/v2\/users\/1"}],"replies":[{"embeddable":true,"href":"https:\/\/www.teuforklift.com\/fr\/wp-json\/wp\/v2\/comments?post=1323"}],"version-history":[{"count":2,"href":"https:\/\/www.teuforklift.com\/fr\/wp-json\/wp\/v2\/posts\/1323\/revisions"}],"predecessor-version":[{"id":1333,"href":"https:\/\/www.teuforklift.com\/fr\/wp-json\/wp\/v2\/posts\/1323\/revisions\/1333"}],"wp:featuredmedia":[{"embeddable":true,"href":"https:\/\/www.teuforklift.com\/fr\/wp-json\/wp\/v2\/media\/1329"}],"wp:attachment":[{"href":"https:\/\/www.teuforklift.com\/fr\/wp-json\/wp\/v2\/media?parent=1323"}],"wp:term":[{"taxonomy":"category","embeddable":true,"href":"https:\/\/www.teuforklift.com\/fr\/wp-json\/wp\/v2\/categories?post=1323"},{"taxonomy":"post_tag","embeddable":true,"href":"https:\/\/www.teuforklift.com\/fr\/wp-json\/wp\/v2\/tags?post=1323"}],"curies":[{"name":"wp","href":"https:\/\/api.w.org\/{rel}","templated":true}]}}