{"id":1325,"date":"2025-10-17T16:51:53","date_gmt":"2025-10-17T08:51:53","guid":{"rendered":"https:\/\/www.teuforklift.com\/?p=1325"},"modified":"2025-10-24T17:03:59","modified_gmt":"2025-10-24T09:03:59","slug":"teu-shines-at-the-big-5-exhibition-in-doha-qatar","status":"publish","type":"post","link":"https:\/\/www.teuforklift.com\/fr\/teu-brille-au-salon-big-5-a-doha-au-qatar\/","title":{"rendered":"TEU brille au salon The Big 5 \u00e0 Doha, au Qatar"},"content":{"rendered":"<p>L&#039;exposition \u00ab\u00a0The Big 5\u00a02025\u00a0\u00bb, \u00e9v\u00e9nement de trois jours du secteur de la construction au Moyen-Orient \u00e0 Doha, au Qatar, s&#039;est achev\u00e9e aujourd&#039;hui au Centre des expositions et des congr\u00e8s de Doha (DECC). La marque mondiale de chariots \u00e9l\u00e9vateurs TEU a pr\u00e9sent\u00e9 ses produits phares, le <a href=\"https:\/\/www.teuforklift.com\/fr\/category\/products\/ic-forklift\/\"><strong>Chariots \u00e9l\u00e9vateurs diesel de 3 et 5 tonnes<\/strong><\/a>, sur le stand 5J61 dans le Hall 5, remportant un succ\u00e8s significatif et attirant l&#039;attention de nombreux acheteurs professionnels du Moyen-Orient et du monde entier.<\/p>\n<p><img loading=\"lazy\" decoding=\"async\" class=\"aligncenter wp-image-1326 size-full\" src=\"https:\/\/lingjuimg.com\/wp-content\/uploads\/teu\/2025\/10\/e093e92b-275f-4d5e-be91-9f94e9f1a86a_S_60.webp\" alt=\" chariots \u00e9l\u00e9vateurs diesel de 3 \u00e0 5 tonnes\" width=\"1024\" height=\"768\" srcset=\"https:\/\/lingjuimg.com\/wp-content\/uploads\/teu\/2025\/10\/e093e92b-275f-4d5e-be91-9f94e9f1a86a_S_60.webp 1024w, https:\/\/lingjuimg.com\/wp-content\/uploads\/teu\/2025\/10\/e093e92b-275f-4d5e-be91-9f94e9f1a86a_S_60-300x225.webp 300w, https:\/\/lingjuimg.com\/wp-content\/uploads\/teu\/2025\/10\/e093e92b-275f-4d5e-be91-9f94e9f1a86a_S_60-768x576.webp 768w, https:\/\/lingjuimg.com\/wp-content\/uploads\/teu\/2025\/10\/e093e92b-275f-4d5e-be91-9f94e9f1a86a_S_60-16x12.webp 16w\" sizes=\"auto, (max-width: 1024px) 100vw, 1024px\" \/><\/p>\n<p><img loading=\"lazy\" decoding=\"async\" class=\"aligncenter wp-image-1327 size-large\" src=\"https:\/\/lingjuimg.com\/wp-content\/uploads\/teu\/2025\/10\/00b7bac9-bed4-4bc3-9a10-d21f96b4e279_S_60-1024x576.webp\" alt=\" chariots \u00e9l\u00e9vateurs diesel de 3 \u00e0 5 tonnes\" width=\"1024\" height=\"576\" srcset=\"https:\/\/lingjuimg.com\/wp-content\/uploads\/teu\/2025\/10\/00b7bac9-bed4-4bc3-9a10-d21f96b4e279_S_60-1024x576.webp 1024w, https:\/\/lingjuimg.com\/wp-content\/uploads\/teu\/2025\/10\/00b7bac9-bed4-4bc3-9a10-d21f96b4e279_S_60-300x169.webp 300w, https:\/\/lingjuimg.com\/wp-content\/uploads\/teu\/2025\/10\/00b7bac9-bed4-4bc3-9a10-d21f96b4e279_S_60-768x432.webp 768w, https:\/\/lingjuimg.com\/wp-content\/uploads\/teu\/2025\/10\/00b7bac9-bed4-4bc3-9a10-d21f96b4e279_S_60-18x10.webp 18w, https:\/\/lingjuimg.com\/wp-content\/uploads\/teu\/2025\/10\/00b7bac9-bed4-4bc3-9a10-d21f96b4e279_S_60.webp 1152w\" sizes=\"auto, (max-width: 1024px) 100vw, 1024px\" \/><\/p>\n<p>Le <a href=\"https:\/\/www.teuforklift.com\/fr\/category\/products\/ic-forklift\/\"><strong>Chariots \u00e9l\u00e9vateurs diesel de 3 et 5 tonnes<\/strong><\/a> Les v\u00e9hicules expos\u00e9s ont \u00e9t\u00e9 reconnus pour leurs performances puissantes, leur efficacit\u00e9 \u00e9nerg\u00e9tique exceptionnelle et leur confort d&#039;utilisation sup\u00e9rieur, d\u00e9montrant pleinement la technologie de pointe de TEU et son engagement envers la qualit\u00e9 dans le secteur de la fabrication de v\u00e9hicules industriels, gagnant ainsi la confiance des utilisateurs sur site.<\/p>\n<p>&nbsp;<\/p>\n<p>Durant le salon, le stand de TEU a \u00e9t\u00e9 tr\u00e8s fr\u00e9quent\u00e9. L&#039;\u00e9quipe commerciale internationale de TEU a men\u00e9 des discussions approfondies et des n\u00e9gociations commerciales avec des professionnels de divers secteurs.<\/p>","protected":false},"excerpt":{"rendered":"<p>L&#039;\u00e9dition 2025 du salon The Big 5, \u00e9v\u00e9nement de trois jours du secteur de la construction au Moyen-Orient, s&#039;est achev\u00e9e aujourd&#039;hui au Centre des expositions et des congr\u00e8s de Doha (DECC). La marque mondiale de chariots \u00e9l\u00e9vateurs TEU, r\u00e9put\u00e9e pour son expertise, a pr\u00e9sent\u00e9 ses produits phares, les chariots \u00e9l\u00e9vateurs diesel de 3 et 5 tonnes, sur le stand 5J61 du hall 5. L&#039;\u00e9v\u00e9nement a rencontr\u00e9 un vif succ\u00e8s et a attir\u00e9 l&#039;attention de nombreux [\u2026]<\/p>","protected":false},"author":1,"featured_media":1326,"comment_status":"open","ping_status":"open","sticky":false,"template":"","format":"standard","meta":{"footnotes":""},"categories":[29,3],"tags":[178,177,179],"class_list":["post-1325","post","type-post","status-publish","format-standard","has-post-thumbnail","hentry","category-events-fairs","category-news","tag-3-ton-diesel-forklifts","tag-5-ton-diesel-forklifts","tag-professional-warehousing-equipment"],"_links":{"self":[{"href":"https:\/\/www.teuforklift.com\/fr\/wp-json\/wp\/v2\/posts\/1325","targetHints":{"allow":["GET"]}}],"collection":[{"href":"https:\/\/www.teuforklift.com\/fr\/wp-json\/wp\/v2\/posts"}],"about":[{"href":"https:\/\/www.teuforklift.com\/fr\/wp-json\/wp\/v2\/types\/post"}],"author":[{"embeddable":true,"href":"https:\/\/www.teuforklift.com\/fr\/wp-json\/wp\/v2\/users\/1"}],"replies":[{"embeddable":true,"href":"https:\/\/www.teuforklift.com\/fr\/wp-json\/wp\/v2\/comments?post=1325"}],"version-history":[{"count":1,"href":"https:\/\/www.teuforklift.com\/fr\/wp-json\/wp\/v2\/posts\/1325\/revisions"}],"predecessor-version":[{"id":1328,"href":"https:\/\/www.teuforklift.com\/fr\/wp-json\/wp\/v2\/posts\/1325\/revisions\/1328"}],"wp:featuredmedia":[{"embeddable":true,"href":"https:\/\/www.teuforklift.com\/fr\/wp-json\/wp\/v2\/media\/1326"}],"wp:attachment":[{"href":"https:\/\/www.teuforklift.com\/fr\/wp-json\/wp\/v2\/media?parent=1325"}],"wp:term":[{"taxonomy":"category","embeddable":true,"href":"https:\/\/www.teuforklift.com\/fr\/wp-json\/wp\/v2\/categories?post=1325"},{"taxonomy":"post_tag","embeddable":true,"href":"https:\/\/www.teuforklift.com\/fr\/wp-json\/wp\/v2\/tags?post=1325"}],"curies":[{"name":"wp","href":"https:\/\/api.w.org\/{rel}","templated":true}]}}