{"id":198,"date":"2015-08-18T11:42:00","date_gmt":"2015-08-18T03:42:00","guid":{"rendered":"http:\/\/teuforklift.com\/?p=198"},"modified":"2023-09-22T17:10:36","modified_gmt":"2023-09-22T09:10:36","slug":"teu-welcome-you-to-the-exhibition-at-bitec-bangkok","status":"publish","type":"post","link":"https:\/\/www.teuforklift.com\/it\/teu-ti-benvenuti-alla-fiera-bitec-bangkok\/","title":{"rendered":"TEU vi d\u00e0 il benvenuto alla fiera BITEC Bangkok"},"content":{"rendered":"<p>TEU Thailandia parteciper\u00e0 alla fiera internazionale sulle tecnologie, attrezzature e accessori per la movimentazione dei materiali che si terr\u00e0 presso BITEC Bangkok dal 2 settembre al 4 settembre 2015, e qui vi invitiamo calorosamente a venire a visitare il nostro stand (numero stand: J11) .<br><br>Le famiglie TEU attendono con ansia la vostra visita e siamo sicuri che qui troverete delle sorprese!<\/p>\n\n\n\n<figure class=\"wp-block-image size-large is-resized\"><img loading=\"lazy\" decoding=\"async\" src=\"http:\/\/teuforklift.com\/wp-content\/uploads\/2023\/09\/image-58-1024x998.png\" alt=\"\" class=\"wp-image-668\" style=\"object-fit:cover;width:722px;height:704px\" width=\"722\" height=\"704\" srcset=\"https:\/\/lingjuimg.com\/wp-content\/uploads\/teu\/2023\/09\/image-58-1024x998.png 1024w, https:\/\/lingjuimg.com\/wp-content\/uploads\/teu\/2023\/09\/image-58-300x293.png 300w, https:\/\/lingjuimg.com\/wp-content\/uploads\/teu\/2023\/09\/image-58-768x749.png 768w, https:\/\/lingjuimg.com\/wp-content\/uploads\/teu\/2023\/09\/image-58-1536x1498.png 1536w, https:\/\/lingjuimg.com\/wp-content\/uploads\/teu\/2023\/09\/image-58-2048x1997.png 2048w, https:\/\/lingjuimg.com\/wp-content\/uploads\/teu\/2023\/09\/image-58-12x12.png 12w\" sizes=\"auto, (max-width: 722px) 100vw, 722px\" \/><\/figure>","protected":false},"excerpt":{"rendered":"<p>TEU Thailandia parteciper\u00e0 alla fiera internazionale sulle tecnologie, attrezzature e accessori per la movimentazione dei materiali che si terr\u00e0 presso BITEC Bangkok dal 2 settembre al 4 settembre 2015, e qui vi invitiamo calorosamente a venire a visitare il nostro stand (numero stand: J11) . Le famiglie TEU attendono con ansia la vostra visita e siamo sicuri che [\u2026]<\/p>","protected":false},"author":1,"featured_media":0,"comment_status":"open","ping_status":"open","sticky":false,"template":"","format":"standard","meta":{"footnotes":""},"categories":[29],"tags":[],"class_list":["post-198","post","type-post","status-publish","format-standard","hentry","category-events-fairs"],"_links":{"self":[{"href":"https:\/\/www.teuforklift.com\/it\/wp-json\/wp\/v2\/posts\/198","targetHints":{"allow":["GET"]}}],"collection":[{"href":"https:\/\/www.teuforklift.com\/it\/wp-json\/wp\/v2\/posts"}],"about":[{"href":"https:\/\/www.teuforklift.com\/it\/wp-json\/wp\/v2\/types\/post"}],"author":[{"embeddable":true,"href":"https:\/\/www.teuforklift.com\/it\/wp-json\/wp\/v2\/users\/1"}],"replies":[{"embeddable":true,"href":"https:\/\/www.teuforklift.com\/it\/wp-json\/wp\/v2\/comments?post=198"}],"version-history":[{"count":3,"href":"https:\/\/www.teuforklift.com\/it\/wp-json\/wp\/v2\/posts\/198\/revisions"}],"predecessor-version":[{"id":669,"href":"https:\/\/www.teuforklift.com\/it\/wp-json\/wp\/v2\/posts\/198\/revisions\/669"}],"wp:attachment":[{"href":"https:\/\/www.teuforklift.com\/it\/wp-json\/wp\/v2\/media?parent=198"}],"wp:term":[{"taxonomy":"category","embeddable":true,"href":"https:\/\/www.teuforklift.com\/it\/wp-json\/wp\/v2\/categories?post=198"},{"taxonomy":"post_tag","embeddable":true,"href":"https:\/\/www.teuforklift.com\/it\/wp-json\/wp\/v2\/tags?post=198"}],"curies":[{"name":"parola chiave","href":"https:\/\/api.w.org\/{rel}","templated":true}]}}