{"id":1228,"date":"2025-04-18T14:45:44","date_gmt":"2025-04-18T06:45:44","guid":{"rendered":"https:\/\/www.teuforklift.com\/?p=1228"},"modified":"2025-04-18T14:52:13","modified_gmt":"2025-04-18T06:52:13","slug":"teu-shines-at-the-137th-canton-fair","status":"publish","type":"post","link":"https:\/\/www.teuforklift.com\/pt\/teu-brilha-na-137a-feira-de-cantao\/","title":{"rendered":"TEU brilha na 137\u00aa Feira de Cant\u00e3o"},"content":{"rendered":"<p>A 137\u00aa Feira de Importa\u00e7\u00e3o e Exporta\u00e7\u00e3o da China (Feira de Cant\u00e3o) teve in\u00edcio em 15 de abril em Guangzhou, onde a TEU, l\u00edder no setor de ve\u00edculos industriais, impressionou os visitantes com uma gama diversificada de produtos. A TEU exibiu quatro modelos de empilhadeiras e dois tipos de ve\u00edculos de armaz\u00e9m, demonstrando suas conquistas em tecnologia de eletrifica\u00e7\u00e3o e sua crescente presen\u00e7a global. Com um aumento constante na participa\u00e7\u00e3o nas exporta\u00e7\u00f5es e nas vendas, o foco da TEU em produtos de baterias de l\u00edtio de alto desempenho fortaleceu ainda mais sua posi\u00e7\u00e3o competitiva nos mercados internacionais.<\/p>\n<p><img loading=\"lazy\" decoding=\"async\" class=\"wp-image-1229 aligncenter\" src=\"https:\/\/lingjuimg.com\/wp-content\/uploads\/teu\/2025\/04\/TEU-Shines-at-the-137th-Canton-Fair-4.webp\" alt=\"TEU brilha na 137\u00aa Feira de Cant\u00e3o\" width=\"600\" height=\"449\" srcset=\"https:\/\/lingjuimg.com\/wp-content\/uploads\/teu\/2025\/04\/TEU-Shines-at-the-137th-Canton-Fair-4.webp 1000w, https:\/\/lingjuimg.com\/wp-content\/uploads\/teu\/2025\/04\/TEU-Shines-at-the-137th-Canton-Fair-4-300x225.webp 300w, https:\/\/lingjuimg.com\/wp-content\/uploads\/teu\/2025\/04\/TEU-Shines-at-the-137th-Canton-Fair-4-768x575.webp 768w, https:\/\/lingjuimg.com\/wp-content\/uploads\/teu\/2025\/04\/TEU-Shines-at-the-137th-Canton-Fair-4-16x12.webp 16w\" sizes=\"auto, (max-width: 600px) 100vw, 600px\" \/><\/p>\n<p>&nbsp;<\/p>\n<p><strong>Mudan\u00e7a na eletrifica\u00e7\u00e3o impulsiona crescimento das exporta\u00e7\u00f5es<\/strong><br \/>\nA TEU apresentou um crescimento impressionante, especialmente no setor de empilhadeiras com bateria de l\u00edtio. As vendas de empilhadeiras el\u00e9tricas da empresa aumentaram de 301 TP3T para quase 501 TP3T, sinalizando uma transi\u00e7\u00e3o bem-sucedida da energia tradicional de combust\u00e3o interna para novas solu\u00e7\u00f5es energ\u00e9ticas. Na Feira de Cant\u00e3o deste ano, a TEU apresentou sua empilhadeira com bateria de l\u00edtio de alto desempenho de 3 toneladas e sua empilhadeira econ\u00f4mica com bateria de l\u00edtio de 3 toneladas, projetadas para atender a uma ampla gama de necessidades log\u00edsticas \u2014 desde aplica\u00e7\u00f5es de ponta at\u00e9 opera\u00e7\u00f5es de armaz\u00e9m de pequeno e m\u00e9dio porte.<\/p>\n<p>&nbsp;<\/p>\n<p>Um representante da TEU compartilhou: \u201c\u00c0 medida que os mercados globais implementam regulamenta\u00e7\u00f5es ambientais mais rigorosas para motores de combust\u00e3o interna tradicionais e com os avan\u00e7os tecnol\u00f3gicos l\u00edderes da China no setor de novas energias, a demanda por produtos nacionais de novas energias aumentou significativamente. O planejamento antecipado de produtos da TEU nos ajudou a aumentar de forma constante nossos neg\u00f3cios de exporta\u00e7\u00e3o, com crescimento significativo observado na Europa, \u00c1frica, Am\u00e9rica Central e do Norte e Am\u00e9rica do Sul.\u201d<\/p>\n<table style=\"width: 100%; border-collapse: collapse;\">\n<tbody>\n<tr>\n<td style=\"width: 50%; text-align: center; vertical-align: middle;\"><img loading=\"lazy\" decoding=\"async\" class=\"size-medium wp-image-1230 aligncenter\" src=\"https:\/\/lingjuimg.com\/wp-content\/uploads\/teu\/2025\/04\/TEU-Shines-at-the-137th-Canton-Fair-3-300x224.webp\" alt=\"\" width=\"300\" height=\"224\" srcset=\"https:\/\/lingjuimg.com\/wp-content\/uploads\/teu\/2025\/04\/TEU-Shines-at-the-137th-Canton-Fair-3-300x224.webp 300w, https:\/\/lingjuimg.com\/wp-content\/uploads\/teu\/2025\/04\/TEU-Shines-at-the-137th-Canton-Fair-3-768x574.webp 768w, https:\/\/lingjuimg.com\/wp-content\/uploads\/teu\/2025\/04\/TEU-Shines-at-the-137th-Canton-Fair-3-16x12.webp 16w, https:\/\/lingjuimg.com\/wp-content\/uploads\/teu\/2025\/04\/TEU-Shines-at-the-137th-Canton-Fair-3.webp 1000w\" sizes=\"auto, (max-width: 300px) 100vw, 300px\" \/><\/td>\n<td style=\"width: 50%; text-align: center; vertical-align: middle;\"><img loading=\"lazy\" decoding=\"async\" class=\"size-medium wp-image-1231 aligncenter\" src=\"https:\/\/lingjuimg.com\/wp-content\/uploads\/teu\/2025\/04\/TEU-Shines-at-the-137th-Canton-Fair-1-300x225.webp\" alt=\"\" width=\"300\" height=\"225\" srcset=\"https:\/\/lingjuimg.com\/wp-content\/uploads\/teu\/2025\/04\/TEU-Shines-at-the-137th-Canton-Fair-1-300x225.webp 300w, https:\/\/lingjuimg.com\/wp-content\/uploads\/teu\/2025\/04\/TEU-Shines-at-the-137th-Canton-Fair-1-768x575.webp 768w, https:\/\/lingjuimg.com\/wp-content\/uploads\/teu\/2025\/04\/TEU-Shines-at-the-137th-Canton-Fair-1-16x12.webp 16w, https:\/\/lingjuimg.com\/wp-content\/uploads\/teu\/2025\/04\/TEU-Shines-at-the-137th-Canton-Fair-1.webp 1000w\" sizes=\"auto, (max-width: 300px) 100vw, 300px\" \/><\/td>\n<\/tr>\n<\/tbody>\n<\/table>\n<p>&nbsp;<\/p>\n<p><strong>Gama abrangente de produtos de baterias de l\u00edtio<\/strong><br \/>\nUm dos principais destaques da feira foi <a href=\"https:\/\/www.teuforklift.com\/pt\/category\/products\/li-ion-battery-forklift\/effoli-series-flb2-4t\/\"><strong>Empilhadeira de bateria de l\u00edtio de alto desempenho de 3 toneladas da TEU<\/strong><\/a>, equipada com um sistema de acionamento el\u00e9trico multifuncional integrado. Esta empilhadeira, que utiliza uma bateria de l\u00edtio de alta capacidade, oferece zero emiss\u00f5es, baixo ru\u00eddo e alta efici\u00eancia, tornando-a adequada para diversas condi\u00e7\u00f5es de trabalho. Al\u00e9m disso, a TEU apresentou sua empilhadeira econ\u00f4mica com bateria de l\u00edtio de 3 toneladas, projetada para atender \u00e0s necessidades de pequenas e m\u00e9dias empresas, oferecendo uma solu\u00e7\u00e3o econ\u00f4mica para opera\u00e7\u00f5es de armaz\u00e9m padr\u00e3o.<a href=\"https:\/\/www.teuforklift.com\/pt\/category\/products\/li-ion-battery-forklift\/effoli-series-flb2-4t\/\"><img loading=\"lazy\" decoding=\"async\" class=\"wp-image-1154 aligncenter\" title=\"Empilhadeira de \u00edons de l\u00edtio de 2,0 toneladas\" src=\"https:\/\/lingjuimg.com\/wp-content\/uploads\/teu\/2024\/08\/011-1-1024x1024.jpg\" alt=\"Empilhadeira de \u00edons de l\u00edtio de 2,0 toneladas\" width=\"600\" height=\"600\" srcset=\"https:\/\/lingjuimg.com\/wp-content\/uploads\/teu\/2024\/08\/011-1-1024x1024.jpg 1024w, https:\/\/lingjuimg.com\/wp-content\/uploads\/teu\/2024\/08\/011-1-300x300.jpg 300w, https:\/\/lingjuimg.com\/wp-content\/uploads\/teu\/2024\/08\/011-1-150x150.jpg 150w, https:\/\/lingjuimg.com\/wp-content\/uploads\/teu\/2024\/08\/011-1-768x768.jpg 768w, https:\/\/lingjuimg.com\/wp-content\/uploads\/teu\/2024\/08\/011-1-12x12.jpg 12w, https:\/\/lingjuimg.com\/wp-content\/uploads\/teu\/2024\/08\/011-1.jpg 1500w\" sizes=\"auto, (max-width: 600px) 100vw, 600px\" \/><\/a><\/p>\n<p>Al\u00e9m de suas ofertas el\u00e9tricas, a TEU tamb\u00e9m apresentou seus produtos tradicionais de motor de combust\u00e3o interna, como o <a href=\"https:\/\/www.teuforklift.com\/pt\/category\/products\/ic-forklift\/effo-series-forklift-fd-g1-5-4-0t\/\"><strong>Empilhadeira off-road com tra\u00e7\u00e3o nas quatro rodas de 3,5 toneladas<\/strong><\/a> (com motor Yanmar 4TNE98) e a empilhadeira a diesel de 2,5 toneladas (com motor Kubota V2403). Esses modelos demonstram a capacidade da TEU de atender \u00e0s diversas necessidades dos clientes, garantindo \u00e0 empresa uma forte presen\u00e7a tanto no mercado de energia nova quanto no mercado tradicional.<\/p>\n<div id=\"attachment_1172\" style=\"width: 610px\" class=\"wp-caption aligncenter\"><a href=\"https:\/\/www.teuforklift.com\/pt\/category\/products\/ic-forklift\/effo-series-forklift-fd-g1-5-4-0t\/\"><img loading=\"lazy\" decoding=\"async\" aria-describedby=\"caption-attachment-1172\" class=\"wp-image-1172\" src=\"https:\/\/lingjuimg.com\/wp-content\/uploads\/teu\/2023\/09\/IMG_8838-1024x1024.jpg\" alt=\"Empilhadeira terr\u00edcola \u00e1spera\" width=\"600\" height=\"600\" srcset=\"https:\/\/lingjuimg.com\/wp-content\/uploads\/teu\/2023\/09\/IMG_8838-1024x1024.jpg 1024w, https:\/\/lingjuimg.com\/wp-content\/uploads\/teu\/2023\/09\/IMG_8838-300x300.jpg 300w, https:\/\/lingjuimg.com\/wp-content\/uploads\/teu\/2023\/09\/IMG_8838-150x150.jpg 150w, https:\/\/lingjuimg.com\/wp-content\/uploads\/teu\/2023\/09\/IMG_8838-768x768.jpg 768w, https:\/\/lingjuimg.com\/wp-content\/uploads\/teu\/2023\/09\/IMG_8838-1536x1536.jpg 1536w, https:\/\/lingjuimg.com\/wp-content\/uploads\/teu\/2023\/09\/IMG_8838-2048x2048.jpg 2048w, https:\/\/lingjuimg.com\/wp-content\/uploads\/teu\/2023\/09\/IMG_8838-12x12.jpg 12w\" sizes=\"auto, (max-width: 600px) 100vw, 600px\" \/><\/a><p id=\"caption-attachment-1172\" class=\"wp-caption-text\">Empilhadeira terr\u00edcola \u00e1spera<\/p><\/div>\n<p>&nbsp;<\/p>\n<p><strong>Ve\u00edculos de Armaz\u00e9m: Projetos Compactos e Inteligentes<\/strong><br \/>\nNo segmento de ve\u00edculos de armaz\u00e9m, a TEU apresentou sua bateria de l\u00edtio de 1,5 tonelada \u201cLittle King Kong\u201d e <a href=\"https:\/\/www.teuforklift.com\/pt\/category\/products\/warehouse-equipments\/electric-pallet-stacker-tw15\/\"><strong>Empilhadeira el\u00e9trica econ\u00f4mica de 1,5 tonelada<\/strong><\/a>Ambos os produtos apresentam designs compactos e flex\u00edveis, tornando-os ideais para tarefas de manuseio de alta frequ\u00eancia em cen\u00e1rios de com\u00e9rcio eletr\u00f4nico e varejo. Esses modelos el\u00e9tricos aprimoram ainda mais a linha de produtos da TEU, posicionando a empresa como uma forte concorrente no mercado de equipamentos para armaz\u00e9ns.<\/p>\n<div id=\"attachment_1151\" style=\"width: 540px\" class=\"wp-caption aligncenter\"><a href=\"https:\/\/www.teuforklift.com\/pt\/category\/products\/warehouse-equipments\/electric-pallet-stacker-tw15\/\"><img loading=\"lazy\" decoding=\"async\" aria-describedby=\"caption-attachment-1151\" class=\"wp-image-1151 size-full\" src=\"https:\/\/lingjuimg.com\/wp-content\/uploads\/teu\/2023\/10\/TW15JB-070E.png\" alt=\"Empilhadeira el\u00e9trica TW15JB\" width=\"530\" height=\"776\" srcset=\"https:\/\/lingjuimg.com\/wp-content\/uploads\/teu\/2023\/10\/TW15JB-070E.png 530w, https:\/\/lingjuimg.com\/wp-content\/uploads\/teu\/2023\/10\/TW15JB-070E-205x300.png 205w, https:\/\/lingjuimg.com\/wp-content\/uploads\/teu\/2023\/10\/TW15JB-070E-8x12.png 8w\" sizes=\"auto, (max-width: 530px) 100vw, 530px\" \/><\/a><p id=\"caption-attachment-1151\" class=\"wp-caption-text\">Empilhadeira el\u00e9trica TW15JB<\/p><\/div>\n<p>&nbsp;<\/p>\n<p><strong>Uma abordagem de linha dupla para uma presen\u00e7a mais forte no mercado<\/strong><br \/>\nA estrat\u00e9gia de duas linhas da TEU \u2014 oferecendo empilhadeiras movidas a combust\u00edvel e a bateria de l\u00edtio \u2014 fortalece sua posi\u00e7\u00e3o nos mercados tradicionais e, ao mesmo tempo, explora o crescente setor de ve\u00edculos el\u00e9tricos. A sinergia entre os avan\u00e7os tecnol\u00f3gicos da empresa e sua estrat\u00e9gia de expans\u00e3o global proporciona um modelo de desenvolvimento que pode servir de modelo para outros setores.<\/p>\n<p>&nbsp;<\/p>\n<p>\u00c0 medida que o novo mercado de energia continua a crescer, o foco da TEU na eletrifica\u00e7\u00e3o, aliado \u00e0 sua presen\u00e7a no mercado global, posiciona a empresa para um sucesso ainda maior no futuro.<\/p>\n<p>&nbsp;<\/p>\n<p><strong>O Futuro<\/strong><br \/>\nCom foco claro em sustentabilidade e efici\u00eancia energ\u00e9tica, a TEU est\u00e1 bem posicionada para um crescimento cont\u00ednuo nos mercados internacionais. Com o aumento da demanda por novos produtos de energia, o investimento cont\u00ednuo da TEU em tecnologia de eletrifica\u00e7\u00e3o e inova\u00e7\u00e3o de produtos provavelmente impulsionar\u00e1 a empresa a novos patamares. Com uma presen\u00e7a global em expans\u00e3o e um forte portf\u00f3lio de produtos, o futuro da TEU no setor de ve\u00edculos industriais parece promissor.<\/p>","protected":false},"excerpt":{"rendered":"<p>A 137\u00aa Feira de Importa\u00e7\u00e3o e Exporta\u00e7\u00e3o da China (Feira de Cant\u00e3o) teve in\u00edcio em 15 de abril em Guangzhou, onde a TEU, l\u00edder no setor de ve\u00edculos industriais, impressionou os visitantes com uma gama diversificada de produtos. A TEU exibiu quatro modelos de empilhadeiras e dois tipos de ve\u00edculos de armaz\u00e9m, demonstrando suas conquistas em tecnologia de eletrifica\u00e7\u00e3o e sua expans\u00e3o [\u2026]<\/p>","protected":false},"author":1,"featured_media":1229,"comment_status":"open","ping_status":"open","sticky":false,"template":"","format":"standard","meta":{"footnotes":""},"categories":[29,3],"tags":[72,71,69,68,70],"class_list":["post-1228","post","type-post","status-publish","format-standard","has-post-thumbnail","hentry","category-events-fairs","category-news","tag-1-5-ton-economic-electric-stacker","tag-2-5-ton-diesel-forklift","tag-3-ton-economic-lithium-battery-forklift","tag-3-ton-high-performance-lithium-battery-forklift","tag-3-5-ton-four-wheel-drive-off-road-forklift"],"_links":{"self":[{"href":"https:\/\/www.teuforklift.com\/pt\/wp-json\/wp\/v2\/posts\/1228","targetHints":{"allow":["GET"]}}],"collection":[{"href":"https:\/\/www.teuforklift.com\/pt\/wp-json\/wp\/v2\/posts"}],"about":[{"href":"https:\/\/www.teuforklift.com\/pt\/wp-json\/wp\/v2\/types\/post"}],"author":[{"embeddable":true,"href":"https:\/\/www.teuforklift.com\/pt\/wp-json\/wp\/v2\/users\/1"}],"replies":[{"embeddable":true,"href":"https:\/\/www.teuforklift.com\/pt\/wp-json\/wp\/v2\/comments?post=1228"}],"version-history":[{"count":6,"href":"https:\/\/www.teuforklift.com\/pt\/wp-json\/wp\/v2\/posts\/1228\/revisions"}],"predecessor-version":[{"id":1237,"href":"https:\/\/www.teuforklift.com\/pt\/wp-json\/wp\/v2\/posts\/1228\/revisions\/1237"}],"wp:featuredmedia":[{"embeddable":true,"href":"https:\/\/www.teuforklift.com\/pt\/wp-json\/wp\/v2\/media\/1229"}],"wp:attachment":[{"href":"https:\/\/www.teuforklift.com\/pt\/wp-json\/wp\/v2\/media?parent=1228"}],"wp:term":[{"taxonomy":"category","embeddable":true,"href":"https:\/\/www.teuforklift.com\/pt\/wp-json\/wp\/v2\/categories?post=1228"},{"taxonomy":"post_tag","embeddable":true,"href":"https:\/\/www.teuforklift.com\/pt\/wp-json\/wp\/v2\/tags?post=1228"}],"curies":[{"name":"wp","href":"https:\/\/api.w.org\/{rel}","templated":true}]}}