{"id":1323,"date":"2025-10-20T09:28:13","date_gmt":"2025-10-20T01:28:13","guid":{"rendered":"https:\/\/www.teuforklift.com\/?p=1323"},"modified":"2025-10-25T09:57:13","modified_gmt":"2025-10-25T01:57:13","slug":"teu-at-the-138th-canton-fair-successfully-concludes","status":"publish","type":"post","link":"https:\/\/www.teuforklift.com\/pt\/teu-na-138a-feira-de-cantao-conclui-com-sucesso\/","title":{"rendered":"TEU na 138\u00aa Feira de Cant\u00e3o \u00e9 conclu\u00edda com sucesso"},"content":{"rendered":"<p><span style=\"font-size: 20px;\">A primeira fase da 138\u00aa Feira de Importa\u00e7\u00e3o e Exporta\u00e7\u00e3o da China (Feira de Cant\u00e3o), com foco em manufatura avan\u00e7ada, foi conclu\u00edda com sucesso ap\u00f3s cinco dias. A TEU fez uma apari\u00e7\u00e3o impressionante no estande 12.0B45-48, atraindo compradores globais e demonstrando a for\u00e7a da ind\u00fastria de fabrica\u00e7\u00e3o de empilhadeiras da China.<\/span><\/p>\n<p><img loading=\"lazy\" decoding=\"async\" class=\"aligncenter wp-image-1329 size-full\" src=\"https:\/\/lingjuimg.com\/wp-content\/uploads\/teu\/2025\/10\/3a669b56-584a-4e29-ac3c-5eed024be5e0_S_20.webp\" alt=\"TEU na 138\u00aa Feira de Cant\u00e3o\" width=\"819\" height=\"614\" srcset=\"https:\/\/lingjuimg.com\/wp-content\/uploads\/teu\/2025\/10\/3a669b56-584a-4e29-ac3c-5eed024be5e0_S_20.webp 819w, https:\/\/lingjuimg.com\/wp-content\/uploads\/teu\/2025\/10\/3a669b56-584a-4e29-ac3c-5eed024be5e0_S_20-300x225.webp 300w, https:\/\/lingjuimg.com\/wp-content\/uploads\/teu\/2025\/10\/3a669b56-584a-4e29-ac3c-5eed024be5e0_S_20-768x576.webp 768w, https:\/\/lingjuimg.com\/wp-content\/uploads\/teu\/2025\/10\/3a669b56-584a-4e29-ac3c-5eed024be5e0_S_20-16x12.webp 16w\" sizes=\"auto, (max-width: 819px) 100vw, 819px\" \/><\/p>\n<p>&nbsp;<\/p>\n<p><span style=\"font-size: 20px;\">Na Feira de Cant\u00e3o deste ano, o estande da TEU estava estrategicamente localizado e recebeu parceiros comerciais de todo o mundo com uma imagem profissional e elegante. A TEU exibiu seu <a href=\"https:\/\/www.teuforklift.com\/pt\/category\/products\/ic-forklift\/\"><strong>empilhadeiras de combust\u00e3o interna<\/strong><\/a>, <a href=\"https:\/\/www.teuforklift.com\/pt\/category\/products\/li-ion-battery-forklift\/\"><strong>empilhadeiras de bateria de l\u00edtio<\/strong><\/a>, e <a href=\"https:\/\/www.teuforklift.com\/pt\/category\/products\/rough-terrain-forklift\/\"><strong>empilhadeiras de terreno<\/strong><\/a>, que atraiu ampla aten\u00e7\u00e3o. Esses modelos n\u00e3o apenas demonstraram a confiabilidade e durabilidade consistentes do TEU, mas tamb\u00e9m apresentaram melhorias no controle de emiss\u00f5es e na intelig\u00eancia operacional, atendendo plenamente aos mais recentes padr\u00f5es do mercado internacional.<\/span><\/p>\n<p><img loading=\"lazy\" decoding=\"async\" class=\"aligncenter wp-image-1330 size-full\" src=\"https:\/\/lingjuimg.com\/wp-content\/uploads\/teu\/2025\/10\/765707f6-8b62-4a9a-b8a9-cb5b2a1e966f_S_20.webp\" alt=\"TEU na 138\u00aa Feira de Cant\u00e3o\" width=\"819\" height=\"614\" srcset=\"https:\/\/lingjuimg.com\/wp-content\/uploads\/teu\/2025\/10\/765707f6-8b62-4a9a-b8a9-cb5b2a1e966f_S_20.webp 819w, https:\/\/lingjuimg.com\/wp-content\/uploads\/teu\/2025\/10\/765707f6-8b62-4a9a-b8a9-cb5b2a1e966f_S_20-300x225.webp 300w, https:\/\/lingjuimg.com\/wp-content\/uploads\/teu\/2025\/10\/765707f6-8b62-4a9a-b8a9-cb5b2a1e966f_S_20-768x576.webp 768w, https:\/\/lingjuimg.com\/wp-content\/uploads\/teu\/2025\/10\/765707f6-8b62-4a9a-b8a9-cb5b2a1e966f_S_20-16x12.webp 16w\" sizes=\"auto, (max-width: 819px) 100vw, 819px\" \/><\/p>\n<p>&nbsp;<\/p>\n<p><span style=\"font-size: 20px;\">Durante a exposi\u00e7\u00e3o, a equipe da TEU realizou negocia\u00e7\u00f5es eficientes com compradores profissionais de v\u00e1rios pa\u00edses e regi\u00f5es sobre compras de empilhadeiras, coopera\u00e7\u00e3o de ag\u00eancias e requisitos personalizados, recebendo elogios un\u00e2nimes dos participantes.<\/span><\/p>\n<p><img loading=\"lazy\" decoding=\"async\" class=\"aligncenter wp-image-1331 size-full\" src=\"https:\/\/lingjuimg.com\/wp-content\/uploads\/teu\/2025\/10\/c1948e3e-744c-4fd2-9d26-b170926206c4_S_20.webp\" alt=\"TEU na 138\u00aa Feira de Cant\u00e3o\" width=\"819\" height=\"614\" srcset=\"https:\/\/lingjuimg.com\/wp-content\/uploads\/teu\/2025\/10\/c1948e3e-744c-4fd2-9d26-b170926206c4_S_20.webp 819w, https:\/\/lingjuimg.com\/wp-content\/uploads\/teu\/2025\/10\/c1948e3e-744c-4fd2-9d26-b170926206c4_S_20-300x225.webp 300w, https:\/\/lingjuimg.com\/wp-content\/uploads\/teu\/2025\/10\/c1948e3e-744c-4fd2-9d26-b170926206c4_S_20-768x576.webp 768w, https:\/\/lingjuimg.com\/wp-content\/uploads\/teu\/2025\/10\/c1948e3e-744c-4fd2-9d26-b170926206c4_S_20-16x12.webp 16w\" sizes=\"auto, (max-width: 819px) 100vw, 819px\" \/><\/p>\n<p>&nbsp;<\/p>\n<p><span style=\"font-size: 20px;\">A TEU espera encontrar velhos e novos amigos em mais exposi\u00e7\u00f5es internacionais no futuro para criar novas oportunidades de colabora\u00e7\u00e3o.<\/span><\/p>","protected":false},"excerpt":{"rendered":"<p>A primeira fase da 138\u00aa Feira de Importa\u00e7\u00e3o e Exporta\u00e7\u00e3o da China (Feira de Cant\u00e3o), com foco em manufatura avan\u00e7ada, foi conclu\u00edda com sucesso ap\u00f3s cinco dias. A TEU teve uma presen\u00e7a impressionante no estande 12.0B45-48, atraindo compradores globais e demonstrando a for\u00e7a da ind\u00fastria de fabrica\u00e7\u00e3o de empilhadeiras da China. Na Feira de Cant\u00e3o deste ano, o estande da TEU estava estrategicamente localizado e [\u2026]<\/p>","protected":false},"author":1,"featured_media":1329,"comment_status":"open","ping_status":"open","sticky":false,"template":"","format":"standard","meta":{"footnotes":""},"categories":[29,3],"tags":[43,37,148],"class_list":["post-1323","post","type-post","status-publish","format-standard","has-post-thumbnail","hentry","category-events-fairs","category-news","tag-internal-combustion-forklifts","tag-lithium-battery-forklifts","tag-rough-terrain-forklift"],"_links":{"self":[{"href":"https:\/\/www.teuforklift.com\/pt\/wp-json\/wp\/v2\/posts\/1323","targetHints":{"allow":["GET"]}}],"collection":[{"href":"https:\/\/www.teuforklift.com\/pt\/wp-json\/wp\/v2\/posts"}],"about":[{"href":"https:\/\/www.teuforklift.com\/pt\/wp-json\/wp\/v2\/types\/post"}],"author":[{"embeddable":true,"href":"https:\/\/www.teuforklift.com\/pt\/wp-json\/wp\/v2\/users\/1"}],"replies":[{"embeddable":true,"href":"https:\/\/www.teuforklift.com\/pt\/wp-json\/wp\/v2\/comments?post=1323"}],"version-history":[{"count":2,"href":"https:\/\/www.teuforklift.com\/pt\/wp-json\/wp\/v2\/posts\/1323\/revisions"}],"predecessor-version":[{"id":1333,"href":"https:\/\/www.teuforklift.com\/pt\/wp-json\/wp\/v2\/posts\/1323\/revisions\/1333"}],"wp:featuredmedia":[{"embeddable":true,"href":"https:\/\/www.teuforklift.com\/pt\/wp-json\/wp\/v2\/media\/1329"}],"wp:attachment":[{"href":"https:\/\/www.teuforklift.com\/pt\/wp-json\/wp\/v2\/media?parent=1323"}],"wp:term":[{"taxonomy":"category","embeddable":true,"href":"https:\/\/www.teuforklift.com\/pt\/wp-json\/wp\/v2\/categories?post=1323"},{"taxonomy":"post_tag","embeddable":true,"href":"https:\/\/www.teuforklift.com\/pt\/wp-json\/wp\/v2\/tags?post=1323"}],"curies":[{"name":"wp","href":"https:\/\/api.w.org\/{rel}","templated":true}]}}