{"id":199,"date":"2016-04-15T11:42:00","date_gmt":"2016-04-15T03:42:00","guid":{"rendered":"http:\/\/teuforklift.com\/?p=199"},"modified":"2023-09-22T17:09:28","modified_gmt":"2023-09-22T09:09:28","slug":"teu-cemat-2016-in-hannover","status":"publish","type":"post","link":"https:\/\/www.teuforklift.com\/pt\/teu-cemat-2016-em-hannover\/","title":{"rendered":"TEU CeMAT 2016 em Hannover"},"content":{"rendered":"<p>A TEU estar\u00e1 presente na CeMAT 2016 em Hannover, Alemanha. Temos o prazer de convid\u00e1-lo para visitar nosso estande.<\/p>\n\n\n\n<p><strong>Centro de exibi\u00e7\u00e3o:<\/strong>CeMAT 2016<\/p>\n\n\n\n<p><strong>N\u00famero da cabine:<\/strong>&nbsp;Hall 26 Estande L29-1<\/p>\n\n\n\n<p><strong>Data:&nbsp;<\/strong>31 de maio a 3 de junho de 2016<strong><strong>Lugar:&nbsp;<\/strong>Han\u00f4ver, Alemanha<\/strong><\/p>\n\n\n\n<figure class=\"wp-block-image size-large is-resized\"><img loading=\"lazy\" decoding=\"async\" src=\"http:\/\/teuforklift.com\/wp-content\/uploads\/2023\/09\/image-51-1-1014x1024.png\" alt=\"\" class=\"wp-image-665\" style=\"object-fit:cover;width:499px;height:504px\" width=\"499\" height=\"504\" srcset=\"https:\/\/lingjuimg.com\/wp-content\/uploads\/teu\/2023\/09\/image-51-1-1014x1024.png 1014w, https:\/\/lingjuimg.com\/wp-content\/uploads\/teu\/2023\/09\/image-51-1-297x300.png 297w, https:\/\/lingjuimg.com\/wp-content\/uploads\/teu\/2023\/09\/image-51-1-768x776.png 768w, https:\/\/lingjuimg.com\/wp-content\/uploads\/teu\/2023\/09\/image-51-1-1521x1536.png 1521w, https:\/\/lingjuimg.com\/wp-content\/uploads\/teu\/2023\/09\/image-51-1-12x12.png 12w, https:\/\/lingjuimg.com\/wp-content\/uploads\/teu\/2023\/09\/image-51-1.png 1996w\" sizes=\"auto, (max-width: 499px) 100vw, 499px\" \/><\/figure>","protected":false},"excerpt":{"rendered":"<p>A TEU estar\u00e1 presente na CeMAT 2016 em Hannover, Alemanha. Temos o prazer de convid\u00e1-lo para visitar nosso estande. Centro de Exposi\u00e7\u00f5es:CeMAT 2016 N\u00famero do estande: Hall 26 Estande L29-1 Data: 31 de maio a 3 de junho de 2016Local: Hannover, Alemanha<\/p>","protected":false},"author":1,"featured_media":0,"comment_status":"open","ping_status":"open","sticky":false,"template":"","format":"standard","meta":{"footnotes":""},"categories":[29],"tags":[],"class_list":["post-199","post","type-post","status-publish","format-standard","hentry","category-events-fairs"],"_links":{"self":[{"href":"https:\/\/www.teuforklift.com\/pt\/wp-json\/wp\/v2\/posts\/199","targetHints":{"allow":["GET"]}}],"collection":[{"href":"https:\/\/www.teuforklift.com\/pt\/wp-json\/wp\/v2\/posts"}],"about":[{"href":"https:\/\/www.teuforklift.com\/pt\/wp-json\/wp\/v2\/types\/post"}],"author":[{"embeddable":true,"href":"https:\/\/www.teuforklift.com\/pt\/wp-json\/wp\/v2\/users\/1"}],"replies":[{"embeddable":true,"href":"https:\/\/www.teuforklift.com\/pt\/wp-json\/wp\/v2\/comments?post=199"}],"version-history":[{"count":5,"href":"https:\/\/www.teuforklift.com\/pt\/wp-json\/wp\/v2\/posts\/199\/revisions"}],"predecessor-version":[{"id":666,"href":"https:\/\/www.teuforklift.com\/pt\/wp-json\/wp\/v2\/posts\/199\/revisions\/666"}],"wp:attachment":[{"href":"https:\/\/www.teuforklift.com\/pt\/wp-json\/wp\/v2\/media?parent=199"}],"wp:term":[{"taxonomy":"category","embeddable":true,"href":"https:\/\/www.teuforklift.com\/pt\/wp-json\/wp\/v2\/categories?post=199"},{"taxonomy":"post_tag","embeddable":true,"href":"https:\/\/www.teuforklift.com\/pt\/wp-json\/wp\/v2\/tags?post=199"}],"curies":[{"name":"wp","href":"https:\/\/api.w.org\/{rel}","templated":true}]}}