{"id":225,"date":"2018-04-23T11:58:00","date_gmt":"2018-04-23T03:58:00","guid":{"rendered":"http:\/\/teuforklift.com\/?p=225"},"modified":"2023-10-11T16:40:13","modified_gmt":"2023-10-11T08:40:13","slug":"teu-attends-cemat-2018","status":"publish","type":"post","link":"https:\/\/www.teuforklift.com\/pt\/teu-atende-cemat-2018\/","title":{"rendered":"TEU marca presen\u00e7a na CeMAT 2018"},"content":{"rendered":"<p>A TEU Forklifts participou novamente da exposi\u00e7\u00e3o CeMAT, realizada pela Deutsche Messe AG em Hannover, Alemanha, de 23 a 27 de abril de 2018. CeMAT \u00e9 a exposi\u00e7\u00e3o internacional l\u00edder e mais profissional do mundo para empilhadeiras.<\/p>\n\n\n\n<p>Nos \u00faltimos anos, a TEU continuou a expandir o mercado externo e os nossos resultados comerciais aumentaram rapidamente. As exporta\u00e7\u00f5es em 2017 tamb\u00e9m aumentaram em compara\u00e7\u00e3o com anos anteriores.<\/p>\n\n\n\n<figure class=\"wp-block-gallery has-nested-images columns-default is-cropped wp-block-gallery-1 is-layout-flex wp-block-gallery-is-layout-flex\">\n<figure class=\"wp-block-image size-large\"><img loading=\"lazy\" decoding=\"async\" width=\"554\" height=\"399\" data-id=\"857\" src=\"http:\/\/teuforklift.com\/wp-content\/uploads\/2023\/10\/625ec9f9-2144-483f-9298-d134a8888f10.webp\" alt=\"\" class=\"wp-image-857\" srcset=\"https:\/\/lingjuimg.com\/wp-content\/uploads\/teu\/2023\/10\/625ec9f9-2144-483f-9298-d134a8888f10.webp 554w, https:\/\/lingjuimg.com\/wp-content\/uploads\/teu\/2023\/10\/625ec9f9-2144-483f-9298-d134a8888f10-300x216.webp 300w, https:\/\/lingjuimg.com\/wp-content\/uploads\/teu\/2023\/10\/625ec9f9-2144-483f-9298-d134a8888f10-18x12.webp 18w\" sizes=\"auto, (max-width: 554px) 100vw, 554px\" \/><\/figure>\n\n\n\n<figure class=\"wp-block-image size-large\"><img loading=\"lazy\" decoding=\"async\" width=\"554\" height=\"403\" data-id=\"859\" src=\"http:\/\/teuforklift.com\/wp-content\/uploads\/2023\/10\/8159061a-d52f-4e1f-b651-32a5e714f42f.webp\" alt=\"\" class=\"wp-image-859\" srcset=\"https:\/\/lingjuimg.com\/wp-content\/uploads\/teu\/2023\/10\/8159061a-d52f-4e1f-b651-32a5e714f42f.webp 554w, https:\/\/lingjuimg.com\/wp-content\/uploads\/teu\/2023\/10\/8159061a-d52f-4e1f-b651-32a5e714f42f-300x218.webp 300w, https:\/\/lingjuimg.com\/wp-content\/uploads\/teu\/2023\/10\/8159061a-d52f-4e1f-b651-32a5e714f42f-16x12.webp 16w\" sizes=\"auto, (max-width: 554px) 100vw, 554px\" \/><\/figure>\n\n\n\n<figure class=\"wp-block-image size-large\"><img loading=\"lazy\" decoding=\"async\" width=\"554\" height=\"438\" data-id=\"856\" src=\"http:\/\/teuforklift.com\/wp-content\/uploads\/2023\/10\/b4d72c80-b886-4f36-b8d6-fe00e9f6dcdd.webp\" alt=\"\" class=\"wp-image-856\" srcset=\"https:\/\/lingjuimg.com\/wp-content\/uploads\/teu\/2023\/10\/b4d72c80-b886-4f36-b8d6-fe00e9f6dcdd.webp 554w, https:\/\/lingjuimg.com\/wp-content\/uploads\/teu\/2023\/10\/b4d72c80-b886-4f36-b8d6-fe00e9f6dcdd-300x237.webp 300w, https:\/\/lingjuimg.com\/wp-content\/uploads\/teu\/2023\/10\/b4d72c80-b886-4f36-b8d6-fe00e9f6dcdd-15x12.webp 15w\" sizes=\"auto, (max-width: 554px) 100vw, 554px\" \/><\/figure>\n\n\n\n<figure class=\"wp-block-image size-large\"><img loading=\"lazy\" decoding=\"async\" width=\"796\" height=\"592\" data-id=\"855\" src=\"http:\/\/teuforklift.com\/wp-content\/uploads\/2023\/10\/image-7.webp\" alt=\"\" class=\"wp-image-855\" srcset=\"https:\/\/lingjuimg.com\/wp-content\/uploads\/teu\/2023\/10\/image-7.webp 796w, https:\/\/lingjuimg.com\/wp-content\/uploads\/teu\/2023\/10\/image-7-300x223.webp 300w, https:\/\/lingjuimg.com\/wp-content\/uploads\/teu\/2023\/10\/image-7-768x571.webp 768w, https:\/\/lingjuimg.com\/wp-content\/uploads\/teu\/2023\/10\/image-7-16x12.webp 16w\" sizes=\"auto, (max-width: 796px) 100vw, 796px\" \/><\/figure>\n\n\n\n<figure class=\"wp-block-image size-large\"><img loading=\"lazy\" decoding=\"async\" width=\"788\" height=\"591\" data-id=\"860\" src=\"http:\/\/teuforklift.com\/wp-content\/uploads\/2023\/10\/image-8.webp\" alt=\"\" class=\"wp-image-860\" srcset=\"https:\/\/lingjuimg.com\/wp-content\/uploads\/teu\/2023\/10\/image-8.webp 788w, https:\/\/lingjuimg.com\/wp-content\/uploads\/teu\/2023\/10\/image-8-300x225.webp 300w, https:\/\/lingjuimg.com\/wp-content\/uploads\/teu\/2023\/10\/image-8-768x576.webp 768w, https:\/\/lingjuimg.com\/wp-content\/uploads\/teu\/2023\/10\/image-8-16x12.webp 16w\" sizes=\"auto, (max-width: 788px) 100vw, 788px\" \/><\/figure>\n\n\n\n<figure class=\"wp-block-image size-large\"><img loading=\"lazy\" decoding=\"async\" width=\"796\" height=\"588\" data-id=\"858\" src=\"http:\/\/teuforklift.com\/wp-content\/uploads\/2023\/10\/image-9.webp\" alt=\"\" class=\"wp-image-858\" srcset=\"https:\/\/lingjuimg.com\/wp-content\/uploads\/teu\/2023\/10\/image-9.webp 796w, https:\/\/lingjuimg.com\/wp-content\/uploads\/teu\/2023\/10\/image-9-300x222.webp 300w, https:\/\/lingjuimg.com\/wp-content\/uploads\/teu\/2023\/10\/image-9-768x567.webp 768w, https:\/\/lingjuimg.com\/wp-content\/uploads\/teu\/2023\/10\/image-9-16x12.webp 16w\" sizes=\"auto, (max-width: 796px) 100vw, 796px\" \/><\/figure>\n<\/figure>","protected":false},"excerpt":{"rendered":"<p>A TEU Forklifts participou novamente da exposi\u00e7\u00e3o CeMAT, realizada pela Deutsche Messe AG em Hannover, Alemanha, de 23 a 27 de abril de 2018. CeMAT \u00e9 a exposi\u00e7\u00e3o internacional l\u00edder e mais profissional do mundo para empilhadeiras. Nos \u00faltimos anos, a TEU continuou a expandir o mercado externo e os nossos resultados comerciais aumentaram rapidamente. As exporta\u00e7\u00f5es em 2017 tamb\u00e9m aumentaram em compara\u00e7\u00e3o [...]<\/p>","protected":false},"author":1,"featured_media":0,"comment_status":"open","ping_status":"open","sticky":false,"template":"","format":"standard","meta":{"footnotes":""},"categories":[29],"tags":[],"class_list":["post-225","post","type-post","status-publish","format-standard","hentry","category-events-fairs"],"_links":{"self":[{"href":"https:\/\/www.teuforklift.com\/pt\/wp-json\/wp\/v2\/posts\/225","targetHints":{"allow":["GET"]}}],"collection":[{"href":"https:\/\/www.teuforklift.com\/pt\/wp-json\/wp\/v2\/posts"}],"about":[{"href":"https:\/\/www.teuforklift.com\/pt\/wp-json\/wp\/v2\/types\/post"}],"author":[{"embeddable":true,"href":"https:\/\/www.teuforklift.com\/pt\/wp-json\/wp\/v2\/users\/1"}],"replies":[{"embeddable":true,"href":"https:\/\/www.teuforklift.com\/pt\/wp-json\/wp\/v2\/comments?post=225"}],"version-history":[{"count":6,"href":"https:\/\/www.teuforklift.com\/pt\/wp-json\/wp\/v2\/posts\/225\/revisions"}],"predecessor-version":[{"id":861,"href":"https:\/\/www.teuforklift.com\/pt\/wp-json\/wp\/v2\/posts\/225\/revisions\/861"}],"wp:attachment":[{"href":"https:\/\/www.teuforklift.com\/pt\/wp-json\/wp\/v2\/media?parent=225"}],"wp:term":[{"taxonomy":"category","embeddable":true,"href":"https:\/\/www.teuforklift.com\/pt\/wp-json\/wp\/v2\/categories?post=225"},{"taxonomy":"post_tag","embeddable":true,"href":"https:\/\/www.teuforklift.com\/pt\/wp-json\/wp\/v2\/tags?post=225"}],"curies":[{"name":"wp","href":"https:\/\/api.w.org\/{rel}","templated":true}]}}